{"id":108,"date":"2023-04-25T19:27:51","date_gmt":"2023-04-25T18:27:51","guid":{"rendered":"http:\/\/kulturforum-sibbesse.de\/?p=108"},"modified":"2023-04-25T19:27:53","modified_gmt":"2023-04-25T18:27:53","slug":"die-weltberuehmte-maerchensammlung-der-brueder-grimm","status":"publish","type":"post","link":"https:\/\/kulturforum-sibbesse.de\/?p=108","title":{"rendered":"<strong>Die weltber\u00fchmte M\u00e4rchensammlung der Br\u00fcder Grimm<\/strong>"},"content":{"rendered":"\n<p>Auf Einladung des \u201eKulturForum Sibbesse\u201c: Vortrag von Ingeborg B\u00f6hringer-Bruns und Elfriede Thorm\u00e4hlen am Donnerstag, den 4. Mai 2023 ab 19 Uhr in der Friedrich-Busse-Grundschule in Sibbesse.<\/p>\n\n\n\n<p>Was haben Rotk\u00e4ppchen und der Butt gemeinsam?<\/p>\n\n\n\n<p>Genau. Sie sind M\u00e4rchenfiguren der Gebr\u00fcder Grimm. Warum Jacob und Wilhelm Grimm ausgerechnet diese M\u00e4rchen aufgeschrieben haben, erl\u00e4utern Ingeborg B\u00f6hringer-Bruns und Elfriede Thorm\u00e4hlen in ihrem Vortrag.<\/p>\n\n\n\n<p>Doch es geht nicht nur um M\u00e4rchen und nicht nur um Berufliches. Auch das Privatleben der Grimms ist spannend. Sie teilten als Kinder ein Bett, als Heranwachsende ein Zimmer, als Erwachsene ihre Wohnung und die meisten ihre bedeutenden Arbeiten machten sie gemeinsam. Ihre Arbeit bestand jedoch nicht nur im Sammeln von M\u00e4rchen.<\/p>\n\n\n\n<p>Auch ihre wissenschaftlichen Arbeiten waren bedeutsam. Zum Beispiel das monumentale \u201eDeutsche W\u00f6rterbuch\u201c, bei dem sie nur bis zum Buchstaben \u201eF\u201c kamen und das erst lange nach ihrem Tod fertig wurde.<\/p>\n\n\n\n<p>Wer kennt \u201eSchneewittchen\u201c, \u201eH\u00e4nsel und Gretel\u201c oder \u201eAschenputtel\u201c nicht? Die <a href=\"https:\/\/de.wikipedia.org\/wiki\/Kinder-_und_Hausm%C3%A4rchen\" target=\"_blank\" rel=\"noreferrer noopener\">Kinder- und Hausm\u00e4rchen<\/a>, die sie in der Gegend hier sammelten, machten sie weltber\u00fchmt. Doch welche Bedeutung haben der Wald, sprechende Tiere oder Hexen?<\/p>\n\n\n\n<p>Die beiden Vortragenden nehmen die Besucher mit in die geheimnisvolle M\u00e4rchenwerkstatt der Br\u00fcder Grimm. Lassen Sie sich entf\u00fchren, in eine Welt voller Poesie und beunruhigender Gestalten.<\/p>\n\n\n\n<p>Der Eintritt ist wie immer frei. Um Spenden wird gebeten. Weitere Informationen unter: 05065 1781, bei M&amp;S Hartmann.<\/p>\n\n\n\n<figure class=\"wp-block-image size-full\"><img loading=\"lazy\" decoding=\"async\" width=\"640\" height=\"923\" src=\"http:\/\/kulturforum-sibbesse.de\/wp-content\/uploads\/2023\/04\/Plakat-Vortrag-Boehringer-Bruns-Grimm-PM.jpg\" alt=\"\" class=\"wp-image-109\" srcset=\"https:\/\/kulturforum-sibbesse.de\/wp-content\/uploads\/2023\/04\/Plakat-Vortrag-Boehringer-Bruns-Grimm-PM.jpg 640w, https:\/\/kulturforum-sibbesse.de\/wp-content\/uploads\/2023\/04\/Plakat-Vortrag-Boehringer-Bruns-Grimm-PM-208x300.jpg 208w\" sizes=\"auto, (max-width: 640px) 100vw, 640px\" \/><\/figure>\n","protected":false},"excerpt":{"rendered":"<p>Auf Einladung des \u201eKulturForum Sibbesse\u201c: Vortrag von Ingeborg B\u00f6hringer-Bruns und Elfriede Thorm\u00e4hlen am Donnerstag, den 4. Mai 2023 ab 19 Uhr in der Friedrich-Busse-Grundschule in Sibbesse. Was haben Rotk\u00e4ppchen und der Butt gemeinsam? Genau. Sie sind M\u00e4rchenfiguren der Gebr\u00fcder Grimm. Warum Jacob und Wilhelm Grimm ausgerechnet diese M\u00e4rchen aufgeschrieben haben, erl\u00e4utern Ingeborg B\u00f6hringer-Bruns und Elfriede &hellip; <\/p>\n<p class=\"link-more\"><a href=\"https:\/\/kulturforum-sibbesse.de\/?p=108\" class=\"more-link\"><span class=\"screen-reader-text\">\u201e<strong>Die weltber\u00fchmte M\u00e4rchensammlung der Br\u00fcder Grimm<\/strong>\u201c <\/span>weiterlesen<\/a><\/p>\n","protected":false},"author":2,"featured_media":0,"comment_status":"open","ping_status":"open","sticky":false,"template":"","format":"standard","meta":{"footnotes":""},"categories":[4],"tags":[71,63,60,61,59,66,69,56,8,65,68,70,67,62],"class_list":["post-108","post","type-post","status-publish","format-standard","hentry","category-veranstaltung","tag-aschenputtel","tag-boehringer-bruns","tag-grimm","tag-jacob","tag-maerchen","tag-rotkaeppchen","tag-schneewittchen","tag-schule","tag-sibbesse","tag-thormaehlen","tag-tiere","tag-vortrag","tag-wald","tag-wilhelm"],"_links":{"self":[{"href":"https:\/\/kulturforum-sibbesse.de\/index.php?rest_route=\/wp\/v2\/posts\/108","targetHints":{"allow":["GET"]}}],"collection":[{"href":"https:\/\/kulturforum-sibbesse.de\/index.php?rest_route=\/wp\/v2\/posts"}],"about":[{"href":"https:\/\/kulturforum-sibbesse.de\/index.php?rest_route=\/wp\/v2\/types\/post"}],"author":[{"embeddable":true,"href":"https:\/\/kulturforum-sibbesse.de\/index.php?rest_route=\/wp\/v2\/users\/2"}],"replies":[{"embeddable":true,"href":"https:\/\/kulturforum-sibbesse.de\/index.php?rest_route=%2Fwp%2Fv2%2Fcomments&post=108"}],"version-history":[{"count":1,"href":"https:\/\/kulturforum-sibbesse.de\/index.php?rest_route=\/wp\/v2\/posts\/108\/revisions"}],"predecessor-version":[{"id":110,"href":"https:\/\/kulturforum-sibbesse.de\/index.php?rest_route=\/wp\/v2\/posts\/108\/revisions\/110"}],"wp:attachment":[{"href":"https:\/\/kulturforum-sibbesse.de\/index.php?rest_route=%2Fwp%2Fv2%2Fmedia&parent=108"}],"wp:term":[{"taxonomy":"category","embeddable":true,"href":"https:\/\/kulturforum-sibbesse.de\/index.php?rest_route=%2Fwp%2Fv2%2Fcategories&post=108"},{"taxonomy":"post_tag","embeddable":true,"href":"https:\/\/kulturforum-sibbesse.de\/index.php?rest_route=%2Fwp%2Fv2%2Ftags&post=108"}],"curies":[{"name":"wp","href":"https:\/\/api.w.org\/{rel}","templated":true}]}}