{"id":175,"date":"2024-09-03T17:00:34","date_gmt":"2024-09-03T16:00:34","guid":{"rendered":"https:\/\/kulturforum-sibbesse.de\/?p=175"},"modified":"2024-09-03T17:00:35","modified_gmt":"2024-09-03T16:00:35","slug":"geologische-wanderung","status":"publish","type":"post","link":"https:\/\/kulturforum-sibbesse.de\/?p=175","title":{"rendered":"Geologische Wanderung"},"content":{"rendered":"\n<p><strong>mit Dr. J\u00fcrgen R\u00f6hrs<\/strong><\/p>\n\n\n\n<p>Am Samstag, den 21.09.2024, mit Vorbereitungstreffen am Donnerstag, den 19.09.2024<\/p>\n\n\n\n<p><strong>20 Pl\u00e4tze<\/strong><\/p>\n\n\n\n<p><strong>Nur nach Anmeldung:<\/strong><\/p>\n\n\n\n<p><strong>Telefon: 05065 1781<\/strong><\/p>\n\n\n\n<p><strong>E-Mail: Ms.hartmann@t-online.de<\/strong><\/p>\n\n\n\n<p><strong><u>Zur Einf\u00fchrung am Donnerstag, den 19.09.2024 f\u00fcr die Teilnehmer:innen der Exkursion<\/u><\/strong><\/p>\n\n\n\n<p>Beginn um 19.00 Uhr in der Mensa der Schule<\/p>\n\n\n\n<p>Power-Point-Pr\u00e4sentation ca. 1,5 Stunden, Themen:<\/p>\n\n\n\n<ul class=\"wp-block-list\">\n<li>Generelles zur Entstehung der Erde und des Lebens<\/li>\n\n\n\n<li>Kreislauf der Gesteine<\/li>\n\n\n\n<li>Ver\u00e4nderungen der Erdoberfl\u00e4che (Kontinentalverschiebungen) im Laufe der Erdgeschichte<\/li>\n\n\n\n<li>Entstehung der geologischen Strukturen im Leinebergland<\/li>\n<\/ul>\n\n\n\n<p>Anschlie\u00dfend ist Zeit f\u00fcr Fragen und Diskussionen sowie \u00a0Infos zur pers\u00f6nlichen Ausstattung w\u00e4hrend der Exkursion.<\/p>\n\n\n\n<p><strong>Zur Exkursion am 21.09.2024<\/strong><\/p>\n\n\n\n<p>Treffpunkt um 09.45 Uhr in Sibbesse, Ende ca. 16.00 &nbsp;&#8211; 17.00 Uhr.<\/p>\n\n\n\n<p>Es werden verschiedene Aufschl\u00fcsse in Sibbesse und im Leinebergland per Pedes und mit dem Auto aufgesucht.<\/p>\n\n\n\n<p>Bei Regen wird die geologische Wanderung verschoben. Die Teilnehmer werden entsprechend informiert.<\/p>\n","protected":false},"excerpt":{"rendered":"<p>mit Dr. J\u00fcrgen R\u00f6hrs Am Samstag, den 21.09.2024, mit Vorbereitungstreffen am Donnerstag, den 19.09.2024 20 Pl\u00e4tze Nur nach Anmeldung: Telefon: 05065 1781 E-Mail: Ms.hartmann@t-online.de Zur Einf\u00fchrung am Donnerstag, den 19.09.2024 f\u00fcr die Teilnehmer:innen der Exkursion Beginn um 19.00 Uhr in der Mensa der Schule Power-Point-Pr\u00e4sentation ca. 1,5 Stunden, Themen: Anschlie\u00dfend ist Zeit f\u00fcr Fragen und &hellip; <\/p>\n<p class=\"link-more\"><a href=\"https:\/\/kulturforum-sibbesse.de\/?p=175\" class=\"more-link\"><span class=\"screen-reader-text\">\u201eGeologische Wanderung\u201c <\/span>weiterlesen<\/a><\/p>\n","protected":false},"author":2,"featured_media":0,"comment_status":"open","ping_status":"open","sticky":false,"template":"","format":"standard","meta":{"footnotes":""},"categories":[4],"tags":[123,125,121,122,124,23,50,126,8,127],"class_list":["post-175","post","type-post","status-publish","format-standard","hentry","category-veranstaltung","tag-dr-juergen-roehrs","tag-erdoberflaeche","tag-exkursion","tag-geologie","tag-gesteine","tag-kultur","tag-kulturforum","tag-leinebergland","tag-sibbesse","tag-wanderung"],"_links":{"self":[{"href":"https:\/\/kulturforum-sibbesse.de\/index.php?rest_route=\/wp\/v2\/posts\/175","targetHints":{"allow":["GET"]}}],"collection":[{"href":"https:\/\/kulturforum-sibbesse.de\/index.php?rest_route=\/wp\/v2\/posts"}],"about":[{"href":"https:\/\/kulturforum-sibbesse.de\/index.php?rest_route=\/wp\/v2\/types\/post"}],"author":[{"embeddable":true,"href":"https:\/\/kulturforum-sibbesse.de\/index.php?rest_route=\/wp\/v2\/users\/2"}],"replies":[{"embeddable":true,"href":"https:\/\/kulturforum-sibbesse.de\/index.php?rest_route=%2Fwp%2Fv2%2Fcomments&post=175"}],"version-history":[{"count":1,"href":"https:\/\/kulturforum-sibbesse.de\/index.php?rest_route=\/wp\/v2\/posts\/175\/revisions"}],"predecessor-version":[{"id":176,"href":"https:\/\/kulturforum-sibbesse.de\/index.php?rest_route=\/wp\/v2\/posts\/175\/revisions\/176"}],"wp:attachment":[{"href":"https:\/\/kulturforum-sibbesse.de\/index.php?rest_route=%2Fwp%2Fv2%2Fmedia&parent=175"}],"wp:term":[{"taxonomy":"category","embeddable":true,"href":"https:\/\/kulturforum-sibbesse.de\/index.php?rest_route=%2Fwp%2Fv2%2Fcategories&post=175"},{"taxonomy":"post_tag","embeddable":true,"href":"https:\/\/kulturforum-sibbesse.de\/index.php?rest_route=%2Fwp%2Fv2%2Ftags&post=175"}],"curies":[{"name":"wp","href":"https:\/\/api.w.org\/{rel}","templated":true}]}}