{"id":186,"date":"2025-01-12T11:21:13","date_gmt":"2025-01-12T10:21:13","guid":{"rendered":"https:\/\/kulturforum-sibbesse.de\/?p=186"},"modified":"2026-03-02T08:17:59","modified_gmt":"2026-03-02T07:17:59","slug":"kulturfruehling-2025","status":"publish","type":"post","link":"https:\/\/kulturforum-sibbesse.de\/?p=186","title":{"rendered":"KulturFr\u00fchling 2025"},"content":{"rendered":"\n<figure class=\"wp-block-image size-large\"><img loading=\"lazy\" decoding=\"async\" width=\"1024\" height=\"768\" src=\"https:\/\/kulturforum-sibbesse.de\/wp-content\/uploads\/2025\/01\/Erstaunliche-kuenstlerische-Vielfalt-praesentiert-sich-in-Sibbesse.-1024x768.jpg\" alt=\"\" class=\"wp-image-187\" srcset=\"https:\/\/kulturforum-sibbesse.de\/wp-content\/uploads\/2025\/01\/Erstaunliche-kuenstlerische-Vielfalt-praesentiert-sich-in-Sibbesse.-1024x768.jpg 1024w, https:\/\/kulturforum-sibbesse.de\/wp-content\/uploads\/2025\/01\/Erstaunliche-kuenstlerische-Vielfalt-praesentiert-sich-in-Sibbesse.-300x225.jpg 300w, https:\/\/kulturforum-sibbesse.de\/wp-content\/uploads\/2025\/01\/Erstaunliche-kuenstlerische-Vielfalt-praesentiert-sich-in-Sibbesse.-768x576.jpg 768w, https:\/\/kulturforum-sibbesse.de\/wp-content\/uploads\/2025\/01\/Erstaunliche-kuenstlerische-Vielfalt-praesentiert-sich-in-Sibbesse.-1536x1152.jpg 1536w, https:\/\/kulturforum-sibbesse.de\/wp-content\/uploads\/2025\/01\/Erstaunliche-kuenstlerische-Vielfalt-praesentiert-sich-in-Sibbesse.-2048x1536.jpg 2048w\" sizes=\"auto, (max-width: 767px) 89vw, (max-width: 1000px) 54vw, (max-width: 1071px) 543px, 580px\" \/><figcaption class=\"wp-element-caption\">Erstaunliche k\u00fcnstlerische Vielfalt pr\u00e4sentiert sich in Sibbesse beim KulturFr\u00fchling<\/figcaption><\/figure>\n\n\n\n<p>Vom 28. \u2013 30.3.2025 findet der dritte KulturFr\u00fchling in der Friedrich-Busse-Grundschule in Sibbesse statt. Auf dieser Messe werden nicht nur regionale Kunsthandwerker und K\u00fcnstlerinnen ihre Werke anbieten, es finden auch Workshops zu den unterschiedlichsten Themen statt. Beim B\u00fchnenprogramm sind S\u00e4nger, Autoren, Musiker, Comedians, Filmemacher usw. herzlich willkommen.<\/p>\n\n\n\n<p>Aufbau ist am Freitag ab 16 Uhr.<\/p>\n\n\n\n<p>Samstag: 11 \u2013 18 Uhr<\/p>\n\n\n\n<p>Sonntag 11 \u2013 17 Uhr, Abbau muss am Sonntag erfolgen.<\/p>\n\n\n\n<p>Teilnahmebeitrag: Kuchen bzw. Torte f\u00fcr die Cafeteria.<\/p>\n\n\n\n<p>Der Freitagabend nach dem Aufbau dient dem Netzwerken, Proben, ins Gespr\u00e4ch Kommen und gemeinsame Aktionen und Veranstaltungen planen. Samstag und Sonntag begr\u00fc\u00dfen wir das Publikum. Wir freuen uns auf weitere Teilnehmer aus der Region, Kunsthandwerkerinnen, K\u00fcnstler, Musikerinnen usw. Wir bitten um schriftliche Anmeldung<\/p>\n","protected":false},"excerpt":{"rendered":"<p>Vom 28. \u2013 30.3.2025 findet der dritte KulturFr\u00fchling in der Friedrich-Busse-Grundschule in Sibbesse statt. Auf dieser Messe werden nicht nur regionale Kunsthandwerker und K\u00fcnstlerinnen ihre Werke anbieten, es finden auch Workshops zu den unterschiedlichsten Themen statt. Beim B\u00fchnenprogramm sind S\u00e4nger, Autoren, Musiker, Comedians, Filmemacher usw. herzlich willkommen. Aufbau ist am Freitag ab 16 Uhr. Samstag: &hellip; <\/p>\n<p class=\"link-more\"><a href=\"https:\/\/kulturforum-sibbesse.de\/?p=186\" class=\"more-link\"><span class=\"screen-reader-text\">\u201eKulturFr\u00fchling 2025\u201c <\/span>weiterlesen<\/a><\/p>\n","protected":false},"author":2,"featured_media":0,"comment_status":"closed","ping_status":"closed","sticky":false,"template":"","format":"standard","meta":{"footnotes":""},"categories":[3,4],"tags":[131,23,50,24,130,31,95,109,8],"class_list":["post-186","post","type-post","status-publish","format-standard","hentry","category-aktionen","category-veranstaltung","tag-buehnenprogramm","tag-kultur","tag-kulturforum","tag-kulturfruehling","tag-kunstahndwerk","tag-kuenstler","tag-lesung","tag-musik","tag-sibbesse"],"_links":{"self":[{"href":"https:\/\/kulturforum-sibbesse.de\/index.php?rest_route=\/wp\/v2\/posts\/186","targetHints":{"allow":["GET"]}}],"collection":[{"href":"https:\/\/kulturforum-sibbesse.de\/index.php?rest_route=\/wp\/v2\/posts"}],"about":[{"href":"https:\/\/kulturforum-sibbesse.de\/index.php?rest_route=\/wp\/v2\/types\/post"}],"author":[{"embeddable":true,"href":"https:\/\/kulturforum-sibbesse.de\/index.php?rest_route=\/wp\/v2\/users\/2"}],"replies":[{"embeddable":true,"href":"https:\/\/kulturforum-sibbesse.de\/index.php?rest_route=%2Fwp%2Fv2%2Fcomments&post=186"}],"version-history":[{"count":1,"href":"https:\/\/kulturforum-sibbesse.de\/index.php?rest_route=\/wp\/v2\/posts\/186\/revisions"}],"predecessor-version":[{"id":188,"href":"https:\/\/kulturforum-sibbesse.de\/index.php?rest_route=\/wp\/v2\/posts\/186\/revisions\/188"}],"wp:attachment":[{"href":"https:\/\/kulturforum-sibbesse.de\/index.php?rest_route=%2Fwp%2Fv2%2Fmedia&parent=186"}],"wp:term":[{"taxonomy":"category","embeddable":true,"href":"https:\/\/kulturforum-sibbesse.de\/index.php?rest_route=%2Fwp%2Fv2%2Fcategories&post=186"},{"taxonomy":"post_tag","embeddable":true,"href":"https:\/\/kulturforum-sibbesse.de\/index.php?rest_route=%2Fwp%2Fv2%2Ftags&post=186"}],"curies":[{"name":"wp","href":"https:\/\/api.w.org\/{rel}","templated":true}]}}