{"id":82,"date":"2020-01-31T15:08:02","date_gmt":"2020-01-31T14:08:02","guid":{"rendered":"http:\/\/kulturforum-sibbesse.de\/?p=82"},"modified":"2020-01-31T15:08:02","modified_gmt":"2020-01-31T14:08:02","slug":"kulturfruehling-2020","status":"publish","type":"post","link":"https:\/\/kulturforum-sibbesse.de\/?p=82","title":{"rendered":"KulturFr\u00fchling 2020"},"content":{"rendered":"\n<figure class=\"wp-block-image\"><img loading=\"lazy\" decoding=\"async\" width=\"1024\" height=\"459\" src=\"http:\/\/kulturforum-sibbesse.de\/wp-content\/uploads\/2020\/01\/KulturFru\u0308hlingSibbesse-1-1-1024x459.png\" alt=\"\" class=\"wp-image-83\" srcset=\"https:\/\/kulturforum-sibbesse.de\/wp-content\/uploads\/2020\/01\/KulturFru\u0308hlingSibbesse-1-1-1024x459.png 1024w, https:\/\/kulturforum-sibbesse.de\/wp-content\/uploads\/2020\/01\/KulturFru\u0308hlingSibbesse-1-1-300x134.png 300w, https:\/\/kulturforum-sibbesse.de\/wp-content\/uploads\/2020\/01\/KulturFru\u0308hlingSibbesse-1-1-768x344.png 768w\" sizes=\"auto, (max-width: 767px) 89vw, (max-width: 1000px) 54vw, (max-width: 1071px) 543px, 580px\" \/><\/figure>\n\n\n\n<p>Am 21. M\u00e4rz 2020 zwischen 14\nund 18 Uhr pr\u00e4sentieren K\u00fcnstler, die in und um Sibbesse Kunst und Kultur\nmachen ihre Werke in der Friedrich-Busse-Schule in Sibbesse. Dabei ist es egal\nob Musiker, Malerin, Bildhauer, Autorin, Fotograf, S\u00e4ngerin, Kunsthandwerker,\nMuseumsmacherin \u2026 alle sind herzlich willkommen.<\/p>\n\n\n\n<p>Es wird auch ein\nB\u00fchnenprogramm geben \u2013 f\u00fcr Musiker, Autorinnen, Schauspieler, T\u00e4nzerinnen \u2026 und\neine Cafeteria.<\/p>\n\n\n\n<p>Wer einen Workshop anbieten\noder zeigen will, wie er oder sie arbeitet, kann das gerne tun.<\/p>\n\n\n\n<p>\u00dcber diese Kulturmesse hinaus\nbetreiben wir den Kulturautomaten vor der Sparkasse in Sibbesse und w\u00fcrden gern\nKunst und Kultur in Sibbesse pr\u00e4senter machen. Alle sollen wissen, welche\nTalente in unserer Gegend schlummern. Vielleicht, indem wir leerstehende\nGesch\u00e4fte nutzen, Kunst st\u00e4rker in den \u00f6ffentlichen Raum bringen, indem wir\neinen Kunstautomaten nur mit Kunstwerken aus Sibbesse aufstellen, indem wir ein\nBuch zusammen machen, einen virtuellen Kunstrundgang entwickeln, eine\nK\u00fcnstler-App oder einen Veranstaltungskalender\u2026 wer wei\u00df, was uns gemeinsam\nnoch so einf\u00e4llt.<\/p>\n","protected":false},"excerpt":{"rendered":"<p>Am 21. M\u00e4rz 2020 zwischen 14 und 18 Uhr pr\u00e4sentieren K\u00fcnstler, die in und um Sibbesse Kunst und Kultur machen ihre Werke in der Friedrich-Busse-Schule in Sibbesse. Dabei ist es egal ob Musiker, Malerin, Bildhauer, Autorin, Fotograf, S\u00e4ngerin, Kunsthandwerker, Museumsmacherin \u2026 alle sind herzlich willkommen. Es wird auch ein B\u00fchnenprogramm geben \u2013 f\u00fcr Musiker, Autorinnen, &hellip; <\/p>\n<p class=\"link-more\"><a href=\"https:\/\/kulturforum-sibbesse.de\/?p=82\" class=\"more-link\"><span class=\"screen-reader-text\">\u201eKulturFr\u00fchling 2020\u201c <\/span>weiterlesen<\/a><\/p>\n","protected":false},"author":2,"featured_media":0,"comment_status":"open","ping_status":"open","sticky":false,"template":"","format":"standard","meta":{"footnotes":""},"categories":[1],"tags":[30,23,27,28,29,8],"class_list":["post-82","post","type-post","status-publish","format-standard","hentry","category-uncategorized","tag-ausstellung","tag-kultur","tag-kunst","tag-malerei","tag-messe","tag-sibbesse"],"_links":{"self":[{"href":"https:\/\/kulturforum-sibbesse.de\/index.php?rest_route=\/wp\/v2\/posts\/82","targetHints":{"allow":["GET"]}}],"collection":[{"href":"https:\/\/kulturforum-sibbesse.de\/index.php?rest_route=\/wp\/v2\/posts"}],"about":[{"href":"https:\/\/kulturforum-sibbesse.de\/index.php?rest_route=\/wp\/v2\/types\/post"}],"author":[{"embeddable":true,"href":"https:\/\/kulturforum-sibbesse.de\/index.php?rest_route=\/wp\/v2\/users\/2"}],"replies":[{"embeddable":true,"href":"https:\/\/kulturforum-sibbesse.de\/index.php?rest_route=%2Fwp%2Fv2%2Fcomments&post=82"}],"version-history":[{"count":1,"href":"https:\/\/kulturforum-sibbesse.de\/index.php?rest_route=\/wp\/v2\/posts\/82\/revisions"}],"predecessor-version":[{"id":84,"href":"https:\/\/kulturforum-sibbesse.de\/index.php?rest_route=\/wp\/v2\/posts\/82\/revisions\/84"}],"wp:attachment":[{"href":"https:\/\/kulturforum-sibbesse.de\/index.php?rest_route=%2Fwp%2Fv2%2Fmedia&parent=82"}],"wp:term":[{"taxonomy":"category","embeddable":true,"href":"https:\/\/kulturforum-sibbesse.de\/index.php?rest_route=%2Fwp%2Fv2%2Fcategories&post=82"},{"taxonomy":"post_tag","embeddable":true,"href":"https:\/\/kulturforum-sibbesse.de\/index.php?rest_route=%2Fwp%2Fv2%2Ftags&post=82"}],"curies":[{"name":"wp","href":"https:\/\/api.w.org\/{rel}","templated":true}]}}