{"id":86,"date":"2021-09-19T21:43:01","date_gmt":"2021-09-19T20:43:01","guid":{"rendered":"http:\/\/kulturforum-sibbesse.de\/?p=86"},"modified":"2021-09-19T21:43:01","modified_gmt":"2021-09-19T20:43:01","slug":"kuenstler-regenschirme-fuer-einen-guten-zweck","status":"publish","type":"post","link":"https:\/\/kulturforum-sibbesse.de\/?p=86","title":{"rendered":"K\u00fcnstler-Regenschirme f\u00fcr einen guten Zweck"},"content":{"rendered":"\n<p>Am ersten Oktoberwochenende verwandelt sich der B\u00fcrgergarten\nin Sibbesse im Rahmen der Kulturerlebnistage in einen literarischen Hotspot.\nDamit die Installationen auch bei regnerischem Wetter genossen werden k\u00f6nnen,\nstellt das KulturForum e.V. k\u00fcnstlerisch gestaltete Regenschirme zur Verf\u00fcgung.\nDa diese zum Abschluss der Veranstaltung zugunsten des neuen DRK-Kindergartens\nin Sibbesse versteigert werden sollen, suchen wir noch K\u00fcnstler, die Lust\nhaben, einen der wei\u00dfen Regenschirme f\u00fcr den guten Zweck zu gestalten.<\/p>\n\n\n\n<figure class=\"wp-block-image\"><img loading=\"lazy\" decoding=\"async\" width=\"1024\" height=\"768\" src=\"http:\/\/kulturforum-sibbesse.de\/wp-content\/uploads\/2021\/09\/Regenschirme-zum-Bemalen-1024x768.jpg\" alt=\"\" class=\"wp-image-87\" srcset=\"https:\/\/kulturforum-sibbesse.de\/wp-content\/uploads\/2021\/09\/Regenschirme-zum-Bemalen-1024x768.jpg 1024w, https:\/\/kulturforum-sibbesse.de\/wp-content\/uploads\/2021\/09\/Regenschirme-zum-Bemalen-300x225.jpg 300w, https:\/\/kulturforum-sibbesse.de\/wp-content\/uploads\/2021\/09\/Regenschirme-zum-Bemalen-768x576.jpg 768w\" sizes=\"auto, (max-width: 767px) 89vw, (max-width: 1000px) 54vw, (max-width: 1071px) 543px, 580px\" \/><\/figure>\n\n\n\n<p>Bitte nehmen Sie Kontakt mit Sabine Hartmann auf: 05065\n1781.<\/p>\n","protected":false},"excerpt":{"rendered":"<p>Am ersten Oktoberwochenende verwandelt sich der B\u00fcrgergarten in Sibbesse im Rahmen der Kulturerlebnistage in einen literarischen Hotspot. Damit die Installationen auch bei regnerischem Wetter genossen werden k\u00f6nnen, stellt das KulturForum e.V. k\u00fcnstlerisch gestaltete Regenschirme zur Verf\u00fcgung. Da diese zum Abschluss der Veranstaltung zugunsten des neuen DRK-Kindergartens in Sibbesse versteigert werden sollen, suchen wir noch K\u00fcnstler, &hellip; <\/p>\n<p class=\"link-more\"><a href=\"https:\/\/kulturforum-sibbesse.de\/?p=86\" class=\"more-link\"><span class=\"screen-reader-text\">\u201eK\u00fcnstler-Regenschirme f\u00fcr einen guten Zweck\u201c <\/span>weiterlesen<\/a><\/p>\n","protected":false},"author":2,"featured_media":0,"comment_status":"open","ping_status":"open","sticky":false,"template":"","format":"standard","meta":{"footnotes":""},"categories":[3],"tags":[33,35,34,36,31,32],"class_list":["post-86","post","type-post","status-publish","format-standard","hentry","category-aktionen","tag-bemalen","tag-drk","tag-gestalten","tag-kindergarten","tag-kuenstler","tag-regenschirm"],"_links":{"self":[{"href":"https:\/\/kulturforum-sibbesse.de\/index.php?rest_route=\/wp\/v2\/posts\/86","targetHints":{"allow":["GET"]}}],"collection":[{"href":"https:\/\/kulturforum-sibbesse.de\/index.php?rest_route=\/wp\/v2\/posts"}],"about":[{"href":"https:\/\/kulturforum-sibbesse.de\/index.php?rest_route=\/wp\/v2\/types\/post"}],"author":[{"embeddable":true,"href":"https:\/\/kulturforum-sibbesse.de\/index.php?rest_route=\/wp\/v2\/users\/2"}],"replies":[{"embeddable":true,"href":"https:\/\/kulturforum-sibbesse.de\/index.php?rest_route=%2Fwp%2Fv2%2Fcomments&post=86"}],"version-history":[{"count":1,"href":"https:\/\/kulturforum-sibbesse.de\/index.php?rest_route=\/wp\/v2\/posts\/86\/revisions"}],"predecessor-version":[{"id":88,"href":"https:\/\/kulturforum-sibbesse.de\/index.php?rest_route=\/wp\/v2\/posts\/86\/revisions\/88"}],"wp:attachment":[{"href":"https:\/\/kulturforum-sibbesse.de\/index.php?rest_route=%2Fwp%2Fv2%2Fmedia&parent=86"}],"wp:term":[{"taxonomy":"category","embeddable":true,"href":"https:\/\/kulturforum-sibbesse.de\/index.php?rest_route=%2Fwp%2Fv2%2Fcategories&post=86"},{"taxonomy":"post_tag","embeddable":true,"href":"https:\/\/kulturforum-sibbesse.de\/index.php?rest_route=%2Fwp%2Fv2%2Ftags&post=86"}],"curies":[{"name":"wp","href":"https:\/\/api.w.org\/{rel}","templated":true}]}}