{"id":89,"date":"2021-09-19T21:47:09","date_gmt":"2021-09-19T20:47:09","guid":{"rendered":"http:\/\/kulturforum-sibbesse.de\/?p=89"},"modified":"2021-09-19T21:47:09","modified_gmt":"2021-09-19T20:47:09","slug":"kulturherbst-im-buergergarten","status":"publish","type":"post","link":"https:\/\/kulturforum-sibbesse.de\/?p=89","title":{"rendered":"Kulturherbst im B\u00fcrgergarten"},"content":{"rendered":"\n<p><strong>3G-Erlebnisse:\ngelesen, gepflanzt, getr\u00e4umt<\/strong><\/p>\n\n\n\n<p><strong>Der B\u00fcrgergarten erz\u00e4hlt von Alraunen, Kr\u00e4uterhexen und Leichen im Mondenschein<\/strong><\/p>\n\n\n\n<p>Am ersten Oktoberwochenende verwandelt sich der B\u00fcrgergarten\nin Sibbesse im Rahmen der Kulturerlebnistage in einen literarischen Hotspot.\n\u00dcberall warten Installationen darauf, entdeckt zu werden: Alraunengefl\u00fcster,\nRegenwurmgemurmel, Pilzger\u00fcchte, Lauchlyrik, schw\u00e4rmende Bienen, Blattmeditationen,\nwortreiche G\u00e4rten und viele weitere.<\/p>\n\n\n\n<p>Sollte es regnen, k\u00f6nnen Regenschirme ausgeliehen werden,\ndie von MalerInnen aus dem Landkreis Hildesheim gestaltet wurden. Die Schirme\nwerden am Sonntag, 3.10.2021 zugunsten des DRK-Kindergartens in Sibbesse\nversteigert.<\/p>\n\n\n\n<p>Auf Einladung des KulturForum Sibbesse e.V. entf\u00fchren sechzehn\nAutorinnen und Autoren aus der Region die Besucher in literarische Welten. Das\nProgramm reicht von Bilderbuchgeschichten f\u00fcr die Allerkleinsten \u00fcber Fantasy\nf\u00fcr Jugendliche und Stories f\u00fcr die ganze Familie bis zu Krimis und Thrillern\nf\u00fcr Erwachsene. Es wird wortreich und zauberhaft.<\/p>\n\n\n\n<p>Musikalisch umrahmt wird die Veranstaltung von \u201eSchietb\u00fcdel\u201c\n(Delegation von Soft Touch) und Elke Fech.<\/p>\n\n\n\n<figure class=\"wp-block-image\"><img loading=\"lazy\" decoding=\"async\" width=\"1024\" height=\"768\" src=\"http:\/\/kulturforum-sibbesse.de\/wp-content\/uploads\/2021\/09\/Oase-f\u00fcr-Traumreisen-1024x768.jpg\" alt=\"\" class=\"wp-image-90\" srcset=\"https:\/\/kulturforum-sibbesse.de\/wp-content\/uploads\/2021\/09\/Oase-f\u00fcr-Traumreisen-1024x768.jpg 1024w, https:\/\/kulturforum-sibbesse.de\/wp-content\/uploads\/2021\/09\/Oase-f\u00fcr-Traumreisen-300x225.jpg 300w, https:\/\/kulturforum-sibbesse.de\/wp-content\/uploads\/2021\/09\/Oase-f\u00fcr-Traumreisen-768x576.jpg 768w\" sizes=\"auto, (max-width: 767px) 89vw, (max-width: 1000px) 54vw, (max-width: 1071px) 543px, 580px\" \/><\/figure>\n\n\n\n<p>Neben dem B\u00fchnenprogramm f\u00fchren Mitglieder des Autorenkreises\n\u201eWort f\u00fcr Wort\u201c durch den Garten: \u201eNiesmitlust-Kr\u00e4uterspaziergang\u201c,\n\u201eGummistiefelgang\u201c, \u201eAus Drachensicht\u201c und \u201eForschungsauftrag Alraunen\u201c. An der\nh\u00f6lzernen Sitzgruppe im Zentrum des Gartens kann jederzeit mit W\u00f6rtern gespielt\nwerden.<\/p>\n\n\n\n<p>Mit Stra\u00dfenmalkreide entfaltet sich rund um das Gel\u00e4nde die\nPoesie der Pflastersteine.<\/p>\n\n\n\n<p>Die Sibbesser K\u00fcnstlerin Elfi Bindemann l\u00e4dt am Samstag,\n2.10.2021 zur Mitmalaktion \u201eBlumenwiese\u201c ein. Entdecken Sie Malerei und Mode\nvon Michaela Driemel.<\/p>\n\n\n\n<figure class=\"wp-block-image\"><img loading=\"lazy\" decoding=\"async\" width=\"1024\" height=\"768\" src=\"http:\/\/kulturforum-sibbesse.de\/wp-content\/uploads\/2021\/09\/Alraunengefl\u00fcster-1024x768.jpg\" alt=\"\" class=\"wp-image-91\" srcset=\"https:\/\/kulturforum-sibbesse.de\/wp-content\/uploads\/2021\/09\/Alraunengefl\u00fcster-1024x768.jpg 1024w, https:\/\/kulturforum-sibbesse.de\/wp-content\/uploads\/2021\/09\/Alraunengefl\u00fcster-300x225.jpg 300w, https:\/\/kulturforum-sibbesse.de\/wp-content\/uploads\/2021\/09\/Alraunengefl\u00fcster-768x576.jpg 768w\" sizes=\"auto, (max-width: 767px) 89vw, (max-width: 1000px) 54vw, (max-width: 1071px) 543px, 580px\" \/><\/figure>\n\n\n\n<p>Am Sonntag l\u00e4dt ein B\u00fccherflohmarkt zum Kaufen, Verkaufen und\nSchm\u00f6kern ein (ohne Geb\u00fchren).<\/p>\n\n\n\n<p>Nach Sonnenuntergang erhellen Solarlampen den Garten mit\nsanftem Licht \u2013 lassen Sie sich verzaubern, ohne Hast, ohne L\u00e4rm, daf\u00fcr mit\nviel Gef\u00fchl.<\/p>\n\n\n\n<p>Genie\u00dfen Sie einen entspannten Ausflug in die Welt der\nGeschichten.<\/p>\n\n\n\n<p>Nat\u00fcrlich wird auch f\u00fcr Ihr leibliches Wohl gesorgt. Das Wild\nGeese Irish Pub Mobil aus Bad Salzdetfurth k\u00fcmmert sich um die Getr\u00e4nke, Kaffee\nund Kuchen, die Freiwillige Feuerwehr Sibbesse sorgt f\u00fcr Gegrilltes.<\/p>\n\n\n\n<p>Bei der Einlasskontrolle zum Festivalgel\u00e4nde weisen Sie\nbitte Ihren 3G-Status nach. Beachten Sie die AHA-Regeln.<\/p>\n\n\n\n<p>Der Eintritt ist frei. \u00dcber Spenden freut sich das\nKulturForum.<\/p>\n","protected":false},"excerpt":{"rendered":"<p>3G-Erlebnisse: gelesen, gepflanzt, getr\u00e4umt Der B\u00fcrgergarten erz\u00e4hlt von Alraunen, Kr\u00e4uterhexen und Leichen im Mondenschein Am ersten Oktoberwochenende verwandelt sich der B\u00fcrgergarten in Sibbesse im Rahmen der Kulturerlebnistage in einen literarischen Hotspot. \u00dcberall warten Installationen darauf, entdeckt zu werden: Alraunengefl\u00fcster, Regenwurmgemurmel, Pilzger\u00fcchte, Lauchlyrik, schw\u00e4rmende Bienen, Blattmeditationen, wortreiche G\u00e4rten und viele weitere. Sollte es regnen, k\u00f6nnen Regenschirme &hellip; <\/p>\n<p class=\"link-more\"><a href=\"https:\/\/kulturforum-sibbesse.de\/?p=89\" class=\"more-link\"><span class=\"screen-reader-text\">\u201eKulturherbst im B\u00fcrgergarten\u201c <\/span>weiterlesen<\/a><\/p>\n","protected":false},"author":2,"featured_media":0,"comment_status":"open","ping_status":"open","sticky":false,"template":"","format":"standard","meta":{"footnotes":""},"categories":[4],"tags":[44,38,40,46,23,41,31,37,45,39,42],"class_list":["post-89","post","type-post","status-publish","format-standard","hentry","category-veranstaltung","tag-autor","tag-buergergarten","tag-garten","tag-installationen","tag-kultur","tag-kulturerlebnistage","tag-kuenstler","tag-literatur","tag-poesie","tag-veranstaltung","tag-wortfuerwort"],"_links":{"self":[{"href":"https:\/\/kulturforum-sibbesse.de\/index.php?rest_route=\/wp\/v2\/posts\/89","targetHints":{"allow":["GET"]}}],"collection":[{"href":"https:\/\/kulturforum-sibbesse.de\/index.php?rest_route=\/wp\/v2\/posts"}],"about":[{"href":"https:\/\/kulturforum-sibbesse.de\/index.php?rest_route=\/wp\/v2\/types\/post"}],"author":[{"embeddable":true,"href":"https:\/\/kulturforum-sibbesse.de\/index.php?rest_route=\/wp\/v2\/users\/2"}],"replies":[{"embeddable":true,"href":"https:\/\/kulturforum-sibbesse.de\/index.php?rest_route=%2Fwp%2Fv2%2Fcomments&post=89"}],"version-history":[{"count":1,"href":"https:\/\/kulturforum-sibbesse.de\/index.php?rest_route=\/wp\/v2\/posts\/89\/revisions"}],"predecessor-version":[{"id":92,"href":"https:\/\/kulturforum-sibbesse.de\/index.php?rest_route=\/wp\/v2\/posts\/89\/revisions\/92"}],"wp:attachment":[{"href":"https:\/\/kulturforum-sibbesse.de\/index.php?rest_route=%2Fwp%2Fv2%2Fmedia&parent=89"}],"wp:term":[{"taxonomy":"category","embeddable":true,"href":"https:\/\/kulturforum-sibbesse.de\/index.php?rest_route=%2Fwp%2Fv2%2Fcategories&post=89"},{"taxonomy":"post_tag","embeddable":true,"href":"https:\/\/kulturforum-sibbesse.de\/index.php?rest_route=%2Fwp%2Fv2%2Ftags&post=89"}],"curies":[{"name":"wp","href":"https:\/\/api.w.org\/{rel}","templated":true}]}}